{"id":1352,"date":"2024-12-11T10:25:00","date_gmt":"2024-12-11T09:25:00","guid":{"rendered":"https:\/\/ocpp-wallbox.com\/?p=1352"},"modified":"2025-02-03T10:27:46","modified_gmt":"2025-02-03T09:27:46","slug":"tesla-veroffentlicht-kostenmodell-fur-die-fahrzeugintegration","status":"publish","type":"post","link":"https:\/\/clever-pv.com\/de\/post\/tesla-veroffentlicht-kostenmodell-fur-die-fahrzeugintegration\/","title":{"rendered":"Tesla ver\u00f6ffentlicht Kostenmodell f\u00fcr die Fahrzeugintegration"},"content":{"rendered":"\n<p id=\"viewer-b8r6z357\"><strong>Update: 27.01.2025<\/strong><\/p>\n\n\n\n<p id=\"viewer-njw7h339\">\ud83c\udf89 <strong>Gute Neuigkeiten!<\/strong> \ud83c\udf89<\/p>\n\n\n\n<p id=\"viewer-xxubx343\">Wir haben uns viel M\u00fche gegeben und viel Zeit investiert, um f\u00fcr das Kostenmodell bei Tesla eine L\u00f6sung im Interesse unserer Nutzer zu finden. \ud83d\ude97\ud83d\udca1<\/p>\n\n\n\n<p id=\"viewer-xdn8v345\">Diese Woche, im Zeitraum vom <strong>27.01.2025 \u2013 31.01.2025<\/strong>, werden wir die Fahrzeugintegration von Tesla so umstellen, dass wir auch nach dem <strong>31.01.2025<\/strong> die Fahrzeuge in den aktuellen Tarifen <strong>ohne Zusatzkosten<\/strong> oder \u00e4hnliches anbieten k\u00f6nnen. \ud83d\udcc5\ud83d\udd27<\/p>\n\n\n\n<p id=\"viewer-iywr7353\">Wir haben viel und lange getestet, jedoch kann es w\u00e4hrend der Umstellung tempor\u00e4r zu <strong>Verz\u00f6gerungen in der Anzeige oder Steuerung<\/strong> kommen. \u23f3 Sollten Unregelm\u00e4\u00dfigkeiten f\u00fcr mehr als drei Stunden auffallen, so bitten wir um einen Hinweis \u00fcber das <strong>Kontaktformular der App<\/strong>. \ud83d\udcf2<\/p>\n\n\n\n<p id=\"viewer-6ge99359\">F\u00fcr die Geduld und das entgegengebrachte Vertrauen m\u00f6chten wir uns schon jetzt bei jedem einzelnen bedanken. \ud83d\ude4f\u2764\ufe0f <strong>Update: 16.12.2024<\/strong> Am 28. November 2024 hat Tesla die Preise f\u00fcr die Nutzung seiner API ver\u00f6ffentlicht. Diese haben leider einen weitreichenden Einfluss auf den Service von Drittanbietern wie clever-PV. Schnittstellen m\u00fcssen umgebaut und neue Preismodelle zur Nutzung entwickelt werden.<\/p>\n\n\n\n<p id=\"viewer-tcdvk752\">Das Kostenmodell von Tesla wird ab dem 1. Januar 2025 G\u00fcltigkeit haben &#8211; ab diesem Zeitpunkt m\u00fcssen alle empfangenen Daten und gesendeten Befehle an das Fahrzeug bezahlt werden.&nbsp;<\/p>\n\n\n\n<h2 class=\"wp-block-heading\" id=\"viewer-j1vzh1174\">Die geplanten Kosten ab Januar 2025<\/h2>\n\n\n\n<p id=\"viewer-zqowv360\">Nach aktueller Ver\u00f6ffentlichung von Tesla haben die Kosten folgende H\u00f6he:&nbsp;&nbsp;<\/p>\n\n\n\n<ul class=\"wp-block-list\">\n<li>150.000 Signale\u00a0= 1\u00a0$\u00a0<\/li>\n\n\n\n<li>1.000 Befehle = 1\u00a0$\u00a0<\/li>\n\n\n\n<li>500 Statusabfragen = 1\u00a0$\u00a0<\/li>\n\n\n\n<li>50 Aufwecken = 1\u00a0$\u00a0\u00a0<\/li>\n<\/ul>\n\n\n\n<p id=\"viewer-7pzdk1136\">Nach diesem Stand w\u00fcrden f\u00fcr uns bis zu 10&nbsp;\u20ac\/mtl.&nbsp;pro Fahrzeug an zus\u00e4tzlichen Kosten entstehen, die durch unser aktuelles Preismodell nicht zu finanzieren sind. Deswegen arbeiten wir intensiv an einer L\u00f6sung, um auch nach dem 01.01.2025 die Tesla-Integration weiter anbieten zu k\u00f6nnen.<\/p>\n\n\n\n<p id=\"viewer-5a56g368\"><strong>Was bedeutet das konkret:&nbsp;<\/strong><\/p>\n\n\n\n<ol class=\"wp-block-list\">\n<li>Wir werden die Schnittstelle umbauen, um geringere Kosten pro Fahrzeug zu erreichen. Das bedeutet, dass die Aktualisierung der Statuswerte\u00a0und die Steuerbefehle\u00a0auf das N\u00f6tigste reduziert wird.\u00a0<\/li>\n\n\n\n<li>Die kostenlose Nutzung der Tesla-Integration wird eingestellt. Alle Nutzer mit einem kostenlosen Tarif\u00a0k\u00f6nnen dann die Tesla-Integration nicht mehr nutzen.<\/li>\n\n\n\n<li>Es kann ab 01.01.2025 vor\u00fcbergehend zu Einschr\u00e4nkungen der Tesla-Integration kommen. Das bedeutet, dass das Fahrzeug weder ausgelesen noch gesteuert werden kann, bis wir die Integration angepasst haben.\u00a0<\/li>\n<\/ol>\n\n\n\n<p id=\"viewer-wlni03398\">Wir arbeiten aktuell an einer nutzerorientierten L\u00f6sung, um euch weiterhin die Integration von Tesla m\u00f6glichst kosteng\u00fcnstig anbieten zu k\u00f6nnen.<\/p>\n\n\n\n<p id=\"viewer-l3yzd302\"><strong>Macht mit bei unserer Umfrage zur Tesla-Thematik:<\/strong><a href=\"https:\/\/forms.office.com\/e\/rZvpdetXA5\" target=\"_blank\" rel=\"noreferrer noopener\"><\/a><\/p>\n\n\n\n<p><a href=\"https:\/\/forms.office.com\/e\/rZvpdetXA5\" target=\"_blank\" rel=\"noreferrer noopener\">Zur Umfrage &gt;&gt;<\/a><\/p>\n\n\n\n<p id=\"viewer-8y2gj1654\">Unter allen Teilnehmern, die m\u00f6chten, verlosen wir eine einj\u00e4hrige kostenlose Nutzung von clever-PV!<\/p>\n","protected":false},"excerpt":{"rendered":"<p>Update: 27.01.2025 \ud83c\udf89 Gute Neuigkeiten! \ud83c\udf89 Wir haben uns viel M\u00fche gegeben und viel Zeit investiert, um f\u00fcr das Kostenmodell bei Tesla eine L\u00f6sung im Interesse unserer Nutzer zu finden. \ud83d\ude97\ud83d\udca1 Diese Woche, im Zeitraum vom 27.01.2025 \u2013 31.01.2025, werden wir die Fahrzeugintegration von Tesla so umstellen, dass wir auch nach dem 31.01.2025 die Fahrzeuge [&#8230;] <a href=\"https:\/\/clever-pv.com\/de\/post\/tesla-veroffentlicht-kostenmodell-fur-die-fahrzeugintegration\/\">weiterlesen<\/a><\/p>\n","protected":false},"author":2,"featured_media":1353,"comment_status":"closed","ping_status":"closed","sticky":false,"template":"","format":"standard","meta":{"inline_featured_image":false,"footnotes":""},"categories":[21],"tags":[90],"class_list":["post-1352","post","type-post","status-publish","format-standard","has-post-thumbnail","hentry","category-integrationen","tag-e-auto"],"yoast_head":"<!-- This site is optimized with the Yoast SEO plugin v26.8 - https:\/\/yoast.com\/product\/yoast-seo-wordpress\/ -->\n<title>Tesla ver\u00f6ffentlicht Kostenmodell f\u00fcr die Fahrzeugintegration - clever-PV<\/title>\n<meta name=\"robots\" content=\"index, follow, max-snippet:-1, max-image-preview:large, max-video-preview:-1\" \/>\n<link rel=\"canonical\" href=\"https:\/\/clever-pv.com\/de\/post\/tesla-veroffentlicht-kostenmodell-fur-die-fahrzeugintegration\/\" \/>\n<meta property=\"og:locale\" content=\"de_DE\" \/>\n<meta property=\"og:type\" content=\"article\" \/>\n<meta property=\"og:title\" content=\"Tesla ver\u00f6ffentlicht Kostenmodell f\u00fcr die Fahrzeugintegration - clever-PV\" \/>\n<meta property=\"og:description\" content=\"Update: 27.01.2025 \ud83c\udf89 Gute Neuigkeiten! \ud83c\udf89 Wir haben uns viel M\u00fche gegeben und viel Zeit investiert, um f\u00fcr das Kostenmodell bei Tesla eine L\u00f6sung im Interesse unserer Nutzer zu finden. \ud83d\ude97\ud83d\udca1 Diese Woche, im Zeitraum vom 27.01.2025 \u2013 31.01.2025, werden wir die Fahrzeugintegration von Tesla so umstellen, dass wir auch nach dem 31.01.2025 die Fahrzeuge [...] weiterlesen\" \/>\n<meta property=\"og:url\" content=\"https:\/\/clever-pv.com\/de\/post\/tesla-veroffentlicht-kostenmodell-fur-die-fahrzeugintegration\/\" \/>\n<meta property=\"og:site_name\" content=\"clever-PV\" \/>\n<meta property=\"article:published_time\" content=\"2024-12-11T09:25:00+00:00\" \/>\n<meta property=\"article:modified_time\" content=\"2025-02-03T09:27:46+00:00\" \/>\n<meta property=\"og:image\" content=\"https:\/\/clever-pv.com\/wp-content\/uploads\/2025\/02\/1524ff_688f456be4c94fd7a34e033bb54dd6b7mv2.png\" \/>\n\t<meta property=\"og:image:width\" content=\"1080\" \/>\n\t<meta property=\"og:image:height\" content=\"1080\" \/>\n\t<meta property=\"og:image:type\" content=\"image\/png\" \/>\n<meta name=\"author\" content=\"clever-PV\" \/>\n<meta name=\"twitter:card\" content=\"summary_large_image\" \/>\n<meta name=\"twitter:label1\" content=\"Verfasst von\" \/>\n\t<meta name=\"twitter:data1\" content=\"clever-PV\" \/>\n\t<meta name=\"twitter:label2\" content=\"Gesch\u00e4tzte Lesezeit\" \/>\n\t<meta name=\"twitter:data2\" content=\"3\u00a0Minuten\" \/>\n<script type=\"application\/ld+json\" class=\"yoast-schema-graph\">{\"@context\":\"https:\/\/schema.org\",\"@graph\":[{\"@type\":\"Article\",\"@id\":\"https:\/\/clever-pv.com\/post\/tesla-veroffentlicht-kostenmodell-fur-die-fahrzeugintegration\/#article\",\"isPartOf\":{\"@id\":\"https:\/\/clever-pv.com\/post\/tesla-veroffentlicht-kostenmodell-fur-die-fahrzeugintegration\/\"},\"author\":{\"name\":\"clever-PV\",\"@id\":\"https:\/\/clever-pv.com\/de\/#\/schema\/person\/b49e68e3c595cb35e7656d2b2ece9a2e\"},\"headline\":\"Tesla ver\u00f6ffentlicht Kostenmodell f\u00fcr die Fahrzeugintegration\",\"datePublished\":\"2024-12-11T09:25:00+00:00\",\"dateModified\":\"2025-02-03T09:27:46+00:00\",\"mainEntityOfPage\":{\"@id\":\"https:\/\/clever-pv.com\/post\/tesla-veroffentlicht-kostenmodell-fur-die-fahrzeugintegration\/\"},\"wordCount\":402,\"image\":{\"@id\":\"https:\/\/clever-pv.com\/post\/tesla-veroffentlicht-kostenmodell-fur-die-fahrzeugintegration\/#primaryimage\"},\"thumbnailUrl\":\"https:\/\/clever-pv.com\/wp-content\/uploads\/2025\/02\/1524ff_688f456be4c94fd7a34e033bb54dd6b7mv2.png\",\"keywords\":[\"E-Auto\"],\"articleSection\":[\"Integrationen\"],\"inLanguage\":\"de\"},{\"@type\":\"WebPage\",\"@id\":\"https:\/\/clever-pv.com\/post\/tesla-veroffentlicht-kostenmodell-fur-die-fahrzeugintegration\/\",\"url\":\"https:\/\/clever-pv.com\/post\/tesla-veroffentlicht-kostenmodell-fur-die-fahrzeugintegration\/\",\"name\":\"Tesla ver\u00f6ffentlicht Kostenmodell f\u00fcr die Fahrzeugintegration - clever-PV\",\"isPartOf\":{\"@id\":\"https:\/\/clever-pv.com\/de\/#website\"},\"primaryImageOfPage\":{\"@id\":\"https:\/\/clever-pv.com\/post\/tesla-veroffentlicht-kostenmodell-fur-die-fahrzeugintegration\/#primaryimage\"},\"image\":{\"@id\":\"https:\/\/clever-pv.com\/post\/tesla-veroffentlicht-kostenmodell-fur-die-fahrzeugintegration\/#primaryimage\"},\"thumbnailUrl\":\"https:\/\/clever-pv.com\/wp-content\/uploads\/2025\/02\/1524ff_688f456be4c94fd7a34e033bb54dd6b7mv2.png\",\"datePublished\":\"2024-12-11T09:25:00+00:00\",\"dateModified\":\"2025-02-03T09:27:46+00:00\",\"author\":{\"@id\":\"https:\/\/clever-pv.com\/de\/#\/schema\/person\/b49e68e3c595cb35e7656d2b2ece9a2e\"},\"breadcrumb\":{\"@id\":\"https:\/\/clever-pv.com\/post\/tesla-veroffentlicht-kostenmodell-fur-die-fahrzeugintegration\/#breadcrumb\"},\"inLanguage\":\"de\",\"potentialAction\":[{\"@type\":\"ReadAction\",\"target\":[\"https:\/\/clever-pv.com\/post\/tesla-veroffentlicht-kostenmodell-fur-die-fahrzeugintegration\/\"]}]},{\"@type\":\"ImageObject\",\"inLanguage\":\"de\",\"@id\":\"https:\/\/clever-pv.com\/post\/tesla-veroffentlicht-kostenmodell-fur-die-fahrzeugintegration\/#primaryimage\",\"url\":\"https:\/\/clever-pv.com\/wp-content\/uploads\/2025\/02\/1524ff_688f456be4c94fd7a34e033bb54dd6b7mv2.png\",\"contentUrl\":\"https:\/\/clever-pv.com\/wp-content\/uploads\/2025\/02\/1524ff_688f456be4c94fd7a34e033bb54dd6b7mv2.png\",\"width\":1080,\"height\":1080,\"caption\":\"Tesla ver\u00f6ffentlicht Kostenmodell f\u00fcr die Fahrzeugintegration\"},{\"@type\":\"BreadcrumbList\",\"@id\":\"https:\/\/clever-pv.com\/post\/tesla-veroffentlicht-kostenmodell-fur-die-fahrzeugintegration\/#breadcrumb\",\"itemListElement\":[{\"@type\":\"ListItem\",\"position\":1,\"name\":\"Startseite\",\"item\":\"https:\/\/clever-pv.com\/\"},{\"@type\":\"ListItem\",\"position\":2,\"name\":\"Tesla ver\u00f6ffentlicht Kostenmodell f\u00fcr die Fahrzeugintegration\"}]},{\"@type\":\"WebSite\",\"@id\":\"https:\/\/clever-pv.com\/de\/#website\",\"url\":\"https:\/\/clever-pv.com\/de\/\",\"name\":\"clever-PV\",\"description\":\"\",\"potentialAction\":[{\"@type\":\"SearchAction\",\"target\":{\"@type\":\"EntryPoint\",\"urlTemplate\":\"https:\/\/clever-pv.com\/de\/?s={search_term_string}\"},\"query-input\":{\"@type\":\"PropertyValueSpecification\",\"valueRequired\":true,\"valueName\":\"search_term_string\"}}],\"inLanguage\":\"de\"},{\"@type\":\"Person\",\"@id\":\"https:\/\/clever-pv.com\/de\/#\/schema\/person\/b49e68e3c595cb35e7656d2b2ece9a2e\",\"name\":\"clever-PV\",\"url\":\"https:\/\/clever-pv.com\/de\/post\/author\/clever-pv\/\"}]}<\/script>\n<!-- \/ Yoast SEO plugin. -->","yoast_head_json":{"title":"Tesla ver\u00f6ffentlicht Kostenmodell f\u00fcr die Fahrzeugintegration - clever-PV","robots":{"index":"index","follow":"follow","max-snippet":"max-snippet:-1","max-image-preview":"max-image-preview:large","max-video-preview":"max-video-preview:-1"},"canonical":"https:\/\/clever-pv.com\/de\/post\/tesla-veroffentlicht-kostenmodell-fur-die-fahrzeugintegration\/","og_locale":"de_DE","og_type":"article","og_title":"Tesla ver\u00f6ffentlicht Kostenmodell f\u00fcr die Fahrzeugintegration - clever-PV","og_description":"Update: 27.01.2025 \ud83c\udf89 Gute Neuigkeiten! \ud83c\udf89 Wir haben uns viel M\u00fche gegeben und viel Zeit investiert, um f\u00fcr das Kostenmodell bei Tesla eine L\u00f6sung im Interesse unserer Nutzer zu finden. \ud83d\ude97\ud83d\udca1 Diese Woche, im Zeitraum vom 27.01.2025 \u2013 31.01.2025, werden wir die Fahrzeugintegration von Tesla so umstellen, dass wir auch nach dem 31.01.2025 die Fahrzeuge [...] weiterlesen","og_url":"https:\/\/clever-pv.com\/de\/post\/tesla-veroffentlicht-kostenmodell-fur-die-fahrzeugintegration\/","og_site_name":"clever-PV","article_published_time":"2024-12-11T09:25:00+00:00","article_modified_time":"2025-02-03T09:27:46+00:00","og_image":[{"width":1080,"height":1080,"url":"https:\/\/clever-pv.com\/wp-content\/uploads\/2025\/02\/1524ff_688f456be4c94fd7a34e033bb54dd6b7mv2.png","type":"image\/png"}],"author":"clever-PV","twitter_card":"summary_large_image","twitter_misc":{"Verfasst von":"clever-PV","Gesch\u00e4tzte Lesezeit":"3\u00a0Minuten"},"schema":{"@context":"https:\/\/schema.org","@graph":[{"@type":"Article","@id":"https:\/\/clever-pv.com\/post\/tesla-veroffentlicht-kostenmodell-fur-die-fahrzeugintegration\/#article","isPartOf":{"@id":"https:\/\/clever-pv.com\/post\/tesla-veroffentlicht-kostenmodell-fur-die-fahrzeugintegration\/"},"author":{"name":"clever-PV","@id":"https:\/\/clever-pv.com\/de\/#\/schema\/person\/b49e68e3c595cb35e7656d2b2ece9a2e"},"headline":"Tesla ver\u00f6ffentlicht Kostenmodell f\u00fcr die Fahrzeugintegration","datePublished":"2024-12-11T09:25:00+00:00","dateModified":"2025-02-03T09:27:46+00:00","mainEntityOfPage":{"@id":"https:\/\/clever-pv.com\/post\/tesla-veroffentlicht-kostenmodell-fur-die-fahrzeugintegration\/"},"wordCount":402,"image":{"@id":"https:\/\/clever-pv.com\/post\/tesla-veroffentlicht-kostenmodell-fur-die-fahrzeugintegration\/#primaryimage"},"thumbnailUrl":"https:\/\/clever-pv.com\/wp-content\/uploads\/2025\/02\/1524ff_688f456be4c94fd7a34e033bb54dd6b7mv2.png","keywords":["E-Auto"],"articleSection":["Integrationen"],"inLanguage":"de"},{"@type":"WebPage","@id":"https:\/\/clever-pv.com\/post\/tesla-veroffentlicht-kostenmodell-fur-die-fahrzeugintegration\/","url":"https:\/\/clever-pv.com\/post\/tesla-veroffentlicht-kostenmodell-fur-die-fahrzeugintegration\/","name":"Tesla ver\u00f6ffentlicht Kostenmodell f\u00fcr die Fahrzeugintegration - clever-PV","isPartOf":{"@id":"https:\/\/clever-pv.com\/de\/#website"},"primaryImageOfPage":{"@id":"https:\/\/clever-pv.com\/post\/tesla-veroffentlicht-kostenmodell-fur-die-fahrzeugintegration\/#primaryimage"},"image":{"@id":"https:\/\/clever-pv.com\/post\/tesla-veroffentlicht-kostenmodell-fur-die-fahrzeugintegration\/#primaryimage"},"thumbnailUrl":"https:\/\/clever-pv.com\/wp-content\/uploads\/2025\/02\/1524ff_688f456be4c94fd7a34e033bb54dd6b7mv2.png","datePublished":"2024-12-11T09:25:00+00:00","dateModified":"2025-02-03T09:27:46+00:00","author":{"@id":"https:\/\/clever-pv.com\/de\/#\/schema\/person\/b49e68e3c595cb35e7656d2b2ece9a2e"},"breadcrumb":{"@id":"https:\/\/clever-pv.com\/post\/tesla-veroffentlicht-kostenmodell-fur-die-fahrzeugintegration\/#breadcrumb"},"inLanguage":"de","potentialAction":[{"@type":"ReadAction","target":["https:\/\/clever-pv.com\/post\/tesla-veroffentlicht-kostenmodell-fur-die-fahrzeugintegration\/"]}]},{"@type":"ImageObject","inLanguage":"de","@id":"https:\/\/clever-pv.com\/post\/tesla-veroffentlicht-kostenmodell-fur-die-fahrzeugintegration\/#primaryimage","url":"https:\/\/clever-pv.com\/wp-content\/uploads\/2025\/02\/1524ff_688f456be4c94fd7a34e033bb54dd6b7mv2.png","contentUrl":"https:\/\/clever-pv.com\/wp-content\/uploads\/2025\/02\/1524ff_688f456be4c94fd7a34e033bb54dd6b7mv2.png","width":1080,"height":1080,"caption":"Tesla ver\u00f6ffentlicht Kostenmodell f\u00fcr die Fahrzeugintegration"},{"@type":"BreadcrumbList","@id":"https:\/\/clever-pv.com\/post\/tesla-veroffentlicht-kostenmodell-fur-die-fahrzeugintegration\/#breadcrumb","itemListElement":[{"@type":"ListItem","position":1,"name":"Startseite","item":"https:\/\/clever-pv.com\/"},{"@type":"ListItem","position":2,"name":"Tesla ver\u00f6ffentlicht Kostenmodell f\u00fcr die Fahrzeugintegration"}]},{"@type":"WebSite","@id":"https:\/\/clever-pv.com\/de\/#website","url":"https:\/\/clever-pv.com\/de\/","name":"clever-PV","description":"","potentialAction":[{"@type":"SearchAction","target":{"@type":"EntryPoint","urlTemplate":"https:\/\/clever-pv.com\/de\/?s={search_term_string}"},"query-input":{"@type":"PropertyValueSpecification","valueRequired":true,"valueName":"search_term_string"}}],"inLanguage":"de"},{"@type":"Person","@id":"https:\/\/clever-pv.com\/de\/#\/schema\/person\/b49e68e3c595cb35e7656d2b2ece9a2e","name":"clever-PV","url":"https:\/\/clever-pv.com\/de\/post\/author\/clever-pv\/"}]}},"_links":{"self":[{"href":"https:\/\/clever-pv.com\/de\/wp-json\/wp\/v2\/posts\/1352","targetHints":{"allow":["GET"]}}],"collection":[{"href":"https:\/\/clever-pv.com\/de\/wp-json\/wp\/v2\/posts"}],"about":[{"href":"https:\/\/clever-pv.com\/de\/wp-json\/wp\/v2\/types\/post"}],"author":[{"embeddable":true,"href":"https:\/\/clever-pv.com\/de\/wp-json\/wp\/v2\/users\/2"}],"replies":[{"embeddable":true,"href":"https:\/\/clever-pv.com\/de\/wp-json\/wp\/v2\/comments?post=1352"}],"version-history":[{"count":1,"href":"https:\/\/clever-pv.com\/de\/wp-json\/wp\/v2\/posts\/1352\/revisions"}],"predecessor-version":[{"id":1354,"href":"https:\/\/clever-pv.com\/de\/wp-json\/wp\/v2\/posts\/1352\/revisions\/1354"}],"wp:featuredmedia":[{"embeddable":true,"href":"https:\/\/clever-pv.com\/de\/wp-json\/wp\/v2\/media\/1353"}],"wp:attachment":[{"href":"https:\/\/clever-pv.com\/de\/wp-json\/wp\/v2\/media?parent=1352"}],"wp:term":[{"taxonomy":"category","embeddable":true,"href":"https:\/\/clever-pv.com\/de\/wp-json\/wp\/v2\/categories?post=1352"},{"taxonomy":"post_tag","embeddable":true,"href":"https:\/\/clever-pv.com\/de\/wp-json\/wp\/v2\/tags?post=1352"}],"curies":[{"name":"wp","href":"https:\/\/api.w.org\/{rel}","templated":true}]}}